{"id":3166,"date":"2024-09-02T13:00:08","date_gmt":"2024-09-02T11:00:08","guid":{"rendered":"https:\/\/www.er-schwimmt.de\/?p=3166"},"modified":"2024-10-20T22:57:45","modified_gmt":"2024-10-20T20:57:45","slug":"saisonrueckblick-2024","status":"publish","type":"post","link":"https:\/\/www.er-schwimmt.de\/en\/aktuelles\/saisonrueckblick-2024\/","title":{"rendered":"Saisonr\u00fcckblick 2024"},"content":{"rendered":"<div class=\"wpb-content-wrapper\"><div class=\"vc_row wpb_row vc_row-fluid\"><div class=\"wpb_column vc_column_container vc_col-sm-12\"><div class=\"vc_column-inner\"><div class=\"wpb_wrapper\">\n\t<div class=\"wpb_text_column wpb_content_element\" >\n\t\t<div class=\"wpb_wrapper\">\n\t\t\t<h2>Auch dieses Jahr geben wir einen kleinen R\u00fcckblick auf das laufende Schwimmjahr 2023\/2024.<\/h2>\n<p>Angefangen mit unserem Nachwuchsbereich, k\u00f6nnen wir auch dieses Jahr in diesen Gruppen einige f\u00fcr den Schwimmsport begeistern, die nun ehrgeizig in den Kindergruppen w\u00f6chentlich trainieren.\u00a0 Wir haben zahlreiche erfolgreiche Schwimmkurse in unserem Lehrschwimmbecken durchgef\u00fchrt. Viele Kinder haben im letzten Jahr das Schwimmen erlernt.<\/p>\n<p><strong>Besonderes Highlight: Erzgebirge<\/strong><\/p>\n<p>Ein besonderes Highlight f\u00fcr unsere j\u00fcngsten Schwimmer war auch in diesem Jahr das Wochenende im Erzgebirge. Auf dem Programm standen Spa\u00df und Abenteuer, darunter die Erkundung eines Bergwerks, der Besuch eines Planetariums sowie das selbst\u00e4ndige Schleifen von Mineralien und vieles mehr.<\/p>\n\n\t\t<\/div>\n\t<\/div>\n\n<div class=\"vc_grid-container-wrapper vc_clearfix vc_grid-animation-none\">\n\t<div class=\"vc_grid-container vc_clearfix wpb_content_element vc_masonry_media_grid\" data-initial-loading-animation=\"none\" data-vc-grid-settings=\"{&quot;page_id&quot;:3166,&quot;style&quot;:&quot;load-more-masonry&quot;,&quot;action&quot;:&quot;vc_get_vc_grid_data&quot;,&quot;shortcode_id&quot;:&quot;1729457787757-07cb4829-1476-8&quot;,&quot;items_per_page&quot;:&quot;10&quot;,&quot;btn_data&quot;:{&quot;title&quot;:&quot;Load more&quot;,&quot;style&quot;:&quot;flat&quot;,&quot;gradient_color_1&quot;:&quot;&quot;,&quot;gradient_color_2&quot;:&quot;&quot;,&quot;gradient_custom_color_1&quot;:&quot;&quot;,&quot;gradient_custom_color_2&quot;:&quot;&quot;,&quot;gradient_text_color&quot;:&quot;&quot;,&quot;custom_background&quot;:&quot;#ededed&quot;,&quot;custom_text&quot;:&quot;#666&quot;,&quot;outline_custom_color&quot;:&quot;#666&quot;,&quot;outline_custom_hover_background&quot;:&quot;#666&quot;,&quot;outline_custom_hover_text&quot;:&quot;#fff&quot;,&quot;shape&quot;:&quot;rounded&quot;,&quot;color&quot;:&quot;blue&quot;,&quot;size&quot;:&quot;md&quot;,&quot;align&quot;:&quot;inline&quot;,&quot;button_block&quot;:&quot;&quot;,&quot;add_icon&quot;:&quot;&quot;,&quot;i_align&quot;:&quot;left&quot;,&quot;i_type&quot;:&quot;fontawesome&quot;,&quot;i_icon_the7&quot;:&quot;&quot;,&quot;i_icon_fontawesome&quot;:&quot;fas fa-adjust&quot;,&quot;i_icon_openiconic&quot;:&quot;vc-oi vc-oi-dial&quot;,&quot;i_icon_typicons&quot;:&quot;typcn typcn-adjust-brightness&quot;,&quot;i_icon_entypo&quot;:&quot;entypo-icon entypo-icon-note&quot;,&quot;i_icon_linecons&quot;:&quot;vc_li vc_li-heart&quot;,&quot;i_icon_monosocial&quot;:&quot;&quot;,&quot;i_icon_material&quot;:&quot;&quot;,&quot;i_icon_pixelicons&quot;:&quot;vc_pixel_icon vc_pixel_icon-alert&quot;,&quot;el_id&quot;:&quot;&quot;,&quot;custom_onclick&quot;:&quot;&quot;,&quot;custom_onclick_code&quot;:&quot;&quot;,&quot;smooth_scroll&quot;:&quot;&quot;},&quot;tag&quot;:&quot;vc_masonry_media_grid&quot;}\" data-vc-request=\"https:\/\/www.er-schwimmt.de\/wp-admin\/admin-ajax.php\" data-vc-post-id=\"3166\" data-vc-public-nonce=\"4007134cba\">\n\t\t\n\t<\/div>\n<\/div><div class=\"hr-thin style-line accent-border-color\" style=\"width: 100%;border-top-width: 1px;\"><\/div><\/div><\/div><\/div><\/div><div class=\"vc_row wpb_row vc_row-fluid vc_custom_1664380337890\"><div class=\"wpb_column vc_column_container vc_col-sm-12\"><div class=\"vc_column-inner\"><div class=\"wpb_wrapper\">\n\t<div class=\"wpb_text_column wpb_content_element\" >\n\t\t<div class=\"wpb_wrapper\">\n\t\t\t<p><strong>Ferienfreizeiten und Trainingslager<\/strong> \u2013 Unsere 1. und 2. Wettkampfmannschaft im Nachwuchsbereich sowie unsere 1. Mannschaft haben in diesem Jahr an Ferienfreizeiten und Trainingslagern teilgenommen. Unter hervorragenden Bedingungen in der Toskana und im Schwarzwald konnten die Sportler mit viel sportlichem Ehrgeiz und dem Wunsch, sich zu verbessern, ihre Trainingseinheiten absolvieren. Dazu geh\u00f6rten Schwimmtraining, Konditionseinheiten, Laufeinheiten und jede Menge Spa\u00df mit den Vereinskameraden sowie dem Trainer- und Betreuerteam. Ein H\u00f6hepunkt war der Besuch des Europaparks, der als besonderes Highlight der diesj\u00e4hrigen Ferienfreizeit festgehalten werden kann.<\/p>\n\n\t\t<\/div>\n\t<\/div>\n\n<div class=\"vc_grid-container-wrapper vc_clearfix vc_grid-animation-none\">\n\t<div class=\"vc_grid-container vc_clearfix wpb_content_element vc_masonry_media_grid\" data-initial-loading-animation=\"none\" data-vc-grid-settings=\"{&quot;page_id&quot;:3166,&quot;style&quot;:&quot;all-masonry&quot;,&quot;action&quot;:&quot;vc_get_vc_grid_data&quot;,&quot;shortcode_id&quot;:&quot;1729457787757-00750c0b-436b-1&quot;,&quot;tag&quot;:&quot;vc_masonry_media_grid&quot;}\" data-vc-request=\"https:\/\/www.er-schwimmt.de\/wp-admin\/admin-ajax.php\" data-vc-post-id=\"3166\" data-vc-public-nonce=\"4007134cba\">\n\t\t\n\t<\/div>\n<\/div><\/div><\/div><\/div><\/div><div class=\"vc_row wpb_row vc_row-fluid\"><div class=\"wpb_column vc_column_container vc_col-sm-12\"><div class=\"vc_column-inner\"><div class=\"wpb_wrapper\"><div class=\"hr-thin style-line accent-border-color\" style=\"width: 100%;border-top-width: 1px;\"><\/div><\/div><\/div><\/div><\/div><div class=\"vc_row wpb_row vc_row-fluid\"><div class=\"wpb_column vc_column_container vc_col-sm-12\"><div class=\"vc_column-inner vc_custom_1664381932332\"><div class=\"wpb_wrapper\"><div class=\"vc_row wpb_row vc_inner vc_row-fluid vc_custom_1664384431939\"><div class=\"wpb_column vc_column_container vc_col-sm-6\"><div class=\"vc_column-inner\"><div class=\"wpb_wrapper\">\n\t<div class=\"wpb_text_column wpb_content_element\" >\n\t\t<div class=\"wpb_wrapper\">\n\t\t\t<p><strong>Frankenberg 52. Internationales Maischwimmen <\/strong>\u2013 Der Wettkampf in Frankenberg war ein voller Erfolg. Mit einer Anzahl von 67 Schwimmern, von klein bis gro\u00df, konnten viele neue Bestzeiten geschwommen und zahlreiche Ehrungen, Medaillen sowie der Mannschaftspokal erzielt werden. Dieser gemeinschaftliche Vereinswettkampf wurde gemeinsam mit einem Reisebus angefahren, und die \u00dcbernachtung fand in der Jugendburg Hessenstein statt.<\/p>\n\n\t\t<\/div>\n\t<\/div>\n<\/div><\/div><\/div><div class=\"wpb_column vc_column_container vc_col-sm-6\"><div class=\"vc_column-inner\"><div class=\"wpb_wrapper\"><style type=\"text\/css\" data-type=\"the7_shortcodes-inline-css\">.shortcode-single-image-wrap.shortcode-single-image-b653091f2d35169b9569199c47c55169.enable-bg-rollover .rollover i,\n.shortcode-single-image-wrap.shortcode-single-image-b653091f2d35169b9569199c47c55169.enable-bg-rollover .rollover-video i {\n  background: -webkit-linear-gradient();\n  background: linear-gradient();\n}\n.shortcode-single-image-wrap.shortcode-single-image-b653091f2d35169b9569199c47c55169 .rollover-icon {\n  font-size: 32px;\n  color: #ffffff;\n  min-width: 44px;\n  min-height: 44px;\n  line-height: 44px;\n  border-radius: 100px;\n  border-style: solid;\n  border-width: 0px;\n}\n.dt-icon-bg-on.shortcode-single-image-wrap.shortcode-single-image-b653091f2d35169b9569199c47c55169 .rollover-icon {\n  background: rgba(255,255,255,0.3);\n  box-shadow: none;\n}<\/style><div class=\"shortcode-single-image-wrap shortcode-single-image-b653091f2d35169b9569199c47c55169 alignnone  vc_custom_1729456080917 enable-bg-rollover dt-icon-bg-off\" ><div class=\"shortcode-single-image\"><div class=\"fancy-media-wrap\" style=\"\"><a class=\"layzr-bg rollover rollover-zoom dt-pswp-item pswp-image\" href=\"https:\/\/www.er-schwimmt.de\/wp-content\/uploads\/2024\/10\/DSC07621_crop-scaled.jpg\" title=\"Gruppenfoto_Frankenberg_2024\" data-dt-img-description=\"\" data-large_image_width=\"2560\" data-large_image_height = \"1062\"  style=\"\"><img fetchpriority=\"high\" decoding=\"async\" class=\"preload-me lazy-load aspect\" src=\"data:image\/svg+xml,%3Csvg%20xmlns%3D&#39;http%3A%2F%2Fwww.w3.org%2F2000%2Fsvg&#39;%20viewBox%3D&#39;0%200%20500%20207&#39;%2F%3E\" data-src=\"https:\/\/www.er-schwimmt.de\/wp-content\/uploads\/2024\/10\/DSC07621_crop-scaled-500x207.jpg\" data-srcset=\"https:\/\/www.er-schwimmt.de\/wp-content\/uploads\/2024\/10\/DSC07621_crop-scaled-500x207.jpg 500w, https:\/\/www.er-schwimmt.de\/wp-content\/uploads\/2024\/10\/DSC07621_crop-scaled-1000x414.jpg 1000w\" loading=\"eager\" style=\"--ratio: 500 \/ 207\" sizes=\"(max-width: 500px) 100vw, 500px\" width=\"500\" height=\"207\"  data-dt-location=\"https:\/\/www.er-schwimmt.de\/en\/aktuelles\/saisonrueckblick-2024\/attachment\/dsc07621_crop\/\" alt=\"\" \/><\/a><\/div><\/div><\/div>\n<div class=\"vc_grid-container-wrapper vc_clearfix vc_grid-animation-none\">\n\t<div class=\"vc_grid-container vc_clearfix wpb_content_element vc_masonry_media_grid\" data-initial-loading-animation=\"none\" data-vc-grid-settings=\"{&quot;page_id&quot;:3166,&quot;style&quot;:&quot;all-masonry&quot;,&quot;action&quot;:&quot;vc_get_vc_grid_data&quot;,&quot;shortcode_id&quot;:&quot;1729457787758-d7d3819d-d316-2&quot;,&quot;tag&quot;:&quot;vc_masonry_media_grid&quot;}\" data-vc-request=\"https:\/\/www.er-schwimmt.de\/wp-admin\/admin-ajax.php\" data-vc-post-id=\"3166\" data-vc-public-nonce=\"4007134cba\">\n\t\t\n\t<\/div>\n<\/div><\/div><\/div><\/div><\/div><div class=\"vc_row wpb_row vc_inner vc_row-fluid vc_custom_1664384431939\"><div class=\"wpb_column vc_column_container vc_col-sm-6\"><div class=\"vc_column-inner\"><div class=\"wpb_wrapper\">\n\t<div class=\"wpb_text_column wpb_content_element\" >\n\t\t<div class=\"wpb_wrapper\">\n\t\t\t<p><strong>36. Br\u00fchler Schwimmfest\u00a0<\/strong>\u2013 Auch der Wettkampf im Br\u00fchler Freibad, inklusive n\u00e4chtlicher Zelt\u00fcbernachtung, war sehr sch\u00f6n und erfolgreich. Ein herzlicher Dank geht an die zahlreichen Eltern, die sich hier engagiert haben.<\/p>\n\n\t\t<\/div>\n\t<\/div>\n<\/div><\/div><\/div><div class=\"wpb_column vc_column_container vc_col-sm-6\"><div class=\"vc_column-inner\"><div class=\"wpb_wrapper\"><style type=\"text\/css\" data-type=\"the7_shortcodes-inline-css\">.shortcode-single-image-wrap.shortcode-single-image-e4d46e757718161caa5d443374a19b52.enable-bg-rollover .rollover i,\n.shortcode-single-image-wrap.shortcode-single-image-e4d46e757718161caa5d443374a19b52.enable-bg-rollover .rollover-video i {\n  background: -webkit-linear-gradient();\n  background: linear-gradient();\n}\n.shortcode-single-image-wrap.shortcode-single-image-e4d46e757718161caa5d443374a19b52 .rollover-icon {\n  font-size: 32px;\n  color: #ffffff;\n  min-width: 44px;\n  min-height: 44px;\n  line-height: 44px;\n  border-radius: 100px;\n  border-style: solid;\n  border-width: 0px;\n}\n.dt-icon-bg-on.shortcode-single-image-wrap.shortcode-single-image-e4d46e757718161caa5d443374a19b52 .rollover-icon {\n  background: rgba(255,255,255,0.3);\n  box-shadow: none;\n}<\/style><div class=\"shortcode-single-image-wrap shortcode-single-image-e4d46e757718161caa5d443374a19b52 alignnone  vc_custom_1729456088421 enable-bg-rollover dt-icon-bg-off\" ><div class=\"shortcode-single-image\"><div class=\"fancy-media-wrap\" style=\"\"><a class=\"layzr-bg rollover rollover-zoom dt-pswp-item pswp-image\" href=\"https:\/\/www.er-schwimmt.de\/wp-content\/uploads\/2024\/10\/DSC07695-scaled.jpg\" title=\"Gruppenfoto_Br\u00fchl_2024\" data-dt-img-description=\"\" data-large_image_width=\"2560\" data-large_image_height = \"1707\"  style=\"\"><img decoding=\"async\" class=\"preload-me lazy-load aspect\" src=\"data:image\/svg+xml,%3Csvg%20xmlns%3D&#39;http%3A%2F%2Fwww.w3.org%2F2000%2Fsvg&#39;%20viewBox%3D&#39;0%200%20500%20333&#39;%2F%3E\" data-src=\"https:\/\/www.er-schwimmt.de\/wp-content\/uploads\/2024\/10\/DSC07695-scaled-500x333.jpg\" data-srcset=\"https:\/\/www.er-schwimmt.de\/wp-content\/uploads\/2024\/10\/DSC07695-scaled-500x333.jpg 500w, https:\/\/www.er-schwimmt.de\/wp-content\/uploads\/2024\/10\/DSC07695-scaled-1000x666.jpg 1000w\" loading=\"eager\" style=\"--ratio: 500 \/ 333\" sizes=\"(max-width: 500px) 100vw, 500px\" width=\"500\" height=\"333\"  data-dt-location=\"https:\/\/www.er-schwimmt.de\/en\/aktuelles\/saisonrueckblick-2024\/attachment\/dsc07695\/\" alt=\"\" \/><\/a><\/div><\/div><\/div>\n<div class=\"vc_grid-container-wrapper vc_clearfix vc_grid-animation-none\">\n\t<div class=\"vc_grid-container vc_clearfix wpb_content_element vc_masonry_media_grid\" data-initial-loading-animation=\"none\" data-vc-grid-settings=\"{&quot;page_id&quot;:3166,&quot;style&quot;:&quot;all-masonry&quot;,&quot;action&quot;:&quot;vc_get_vc_grid_data&quot;,&quot;shortcode_id&quot;:&quot;1729457787758-40ce79ec-0cfb-7&quot;,&quot;tag&quot;:&quot;vc_masonry_media_grid&quot;}\" data-vc-request=\"https:\/\/www.er-schwimmt.de\/wp-admin\/admin-ajax.php\" data-vc-post-id=\"3166\" data-vc-public-nonce=\"4007134cba\">\n\t\t\n\t<\/div>\n<\/div><\/div><\/div><\/div><\/div><div class=\"vc_row wpb_row vc_inner vc_row-fluid\"><div class=\"wpb_column vc_column_container vc_col-sm-6\"><div class=\"vc_column-inner\"><div class=\"wpb_wrapper\">\n\t<div class=\"wpb_text_column wpb_content_element\" >\n\t\t<div class=\"wpb_wrapper\">\n\t\t\t<p><strong>Deutsche Jahrgangsmeisterschaften Berlin 24 (DJM24<\/strong>) \u2013 Die DJM in Berlin sind f\u00fcr jeden aktiven Schwimmer ein Traum. Drei aktive Schwimmer der SSG 81 Erlangen konnten sich f\u00fcr Deutschlands gr\u00f6\u00dftes Schwimm-Event qualifizieren und sich mit der deutschen Konkurrenz in einer gro\u00dfartigen Atmosph\u00e4re in der Schwimm- und Sprunghalle im Europasportpark in Berlin messen.<\/p>\n\n\t\t<\/div>\n\t<\/div>\n<\/div><\/div><\/div><div class=\"wpb_column vc_column_container vc_col-sm-6\"><div class=\"vc_column-inner\"><div class=\"wpb_wrapper\"><style type=\"text\/css\" data-type=\"the7_shortcodes-inline-css\">.shortcode-single-image-wrap.shortcode-single-image-faf52f4e8ce71295b1a6fe466d530c06.enable-bg-rollover .rollover i,\n.shortcode-single-image-wrap.shortcode-single-image-faf52f4e8ce71295b1a6fe466d530c06.enable-bg-rollover .rollover-video i {\n  background: -webkit-linear-gradient();\n  background: linear-gradient();\n}\n.shortcode-single-image-wrap.shortcode-single-image-faf52f4e8ce71295b1a6fe466d530c06 .rollover-icon {\n  font-size: 32px;\n  color: #ffffff;\n  min-width: 44px;\n  min-height: 44px;\n  line-height: 44px;\n  border-radius: 100px;\n  border-style: solid;\n  border-width: 0px;\n}\n.dt-icon-bg-on.shortcode-single-image-wrap.shortcode-single-image-faf52f4e8ce71295b1a6fe466d530c06 .rollover-icon {\n  background: rgba(255,255,255,0.3);\n  box-shadow: none;\n}<\/style><div class=\"shortcode-single-image-wrap shortcode-single-image-faf52f4e8ce71295b1a6fe466d530c06 alignnone  vc_custom_1729456333343 enable-bg-rollover dt-icon-bg-off\" ><div class=\"shortcode-single-image\"><div class=\"fancy-media-wrap\" style=\"\"><a class=\"layzr-bg rollover rollover-zoom dt-pswp-item pswp-image\" href=\"https:\/\/www.er-schwimmt.de\/wp-content\/uploads\/2024\/10\/Lemle-2-scaled.jpeg\" title=\"DJM_Schwimmhalle_Berlin_2024\" data-dt-img-description=\"\" data-large_image_width=\"2560\" data-large_image_height = \"1920\"  style=\"\"><img decoding=\"async\" class=\"preload-me lazy-load aspect\" src=\"data:image\/svg+xml,%3Csvg%20xmlns%3D&#39;http%3A%2F%2Fwww.w3.org%2F2000%2Fsvg&#39;%20viewBox%3D&#39;0%200%20400%20300&#39;%2F%3E\" data-src=\"https:\/\/www.er-schwimmt.de\/wp-content\/uploads\/2024\/10\/Lemle-2-scaled-400x300.jpeg\" data-srcset=\"https:\/\/www.er-schwimmt.de\/wp-content\/uploads\/2024\/10\/Lemle-2-scaled-400x300.jpeg 400w, https:\/\/www.er-schwimmt.de\/wp-content\/uploads\/2024\/10\/Lemle-2-scaled-800x600.jpeg 800w\" loading=\"eager\" style=\"--ratio: 400 \/ 300\" sizes=\"(max-width: 400px) 100vw, 400px\" width=\"400\" height=\"300\"  data-dt-location=\"https:\/\/www.er-schwimmt.de\/en\/aktuelles\/saisonrueckblick-2024\/attachment\/lemle-2\/\" alt=\"\" \/><\/a><\/div><\/div><\/div>\n<div class=\"vc_grid-container-wrapper vc_clearfix vc_grid-animation-none\">\n\t<div class=\"vc_grid-container vc_clearfix wpb_content_element vc_masonry_media_grid\" data-initial-loading-animation=\"none\" data-vc-grid-settings=\"{&quot;page_id&quot;:3166,&quot;style&quot;:&quot;all-masonry&quot;,&quot;action&quot;:&quot;vc_get_vc_grid_data&quot;,&quot;shortcode_id&quot;:&quot;1729457787759-1cfdb73c-df02-8&quot;,&quot;tag&quot;:&quot;vc_masonry_media_grid&quot;}\" data-vc-request=\"https:\/\/www.er-schwimmt.de\/wp-admin\/admin-ajax.php\" data-vc-post-id=\"3166\" data-vc-public-nonce=\"4007134cba\">\n\t\t\n\t<\/div>\n<\/div><\/div><\/div><\/div><\/div><div class=\"vc_row wpb_row vc_inner vc_row-fluid\"><div class=\"wpb_column vc_column_container vc_col-sm-6\"><div class=\"vc_column-inner\"><div class=\"wpb_wrapper\">\n\t<div class=\"wpb_text_column wpb_content_element\" >\n\t\t<div class=\"wpb_wrapper\">\n\t\t\t<p><strong>Deutsche Meisterschaften der Masters &#8222;Kurze Strecke&#8220;<\/strong> \u2013 Unsere 1. Mannschaft hat gerade die \u201eDeutsche Meisterschaften der Masters\u201c in Stuttgart besucht. Hier wurde eindrucksvoll gezeigt, dass der Mastersport in Erlangen ebenfalls gro\u00df geschrieben wird. Die hervorragend vorbereiteten Sportler konnten den Namen SSG 81 Erlangen in der deutschen Schwimmkonkurrenz etablieren.<\/p>\n\n\t\t<\/div>\n\t<\/div>\n<\/div><\/div><\/div><div class=\"wpb_column vc_column_container vc_col-sm-6\"><div class=\"vc_column-inner\"><div class=\"wpb_wrapper\"><style type=\"text\/css\" data-type=\"the7_shortcodes-inline-css\">.shortcode-single-image-wrap.shortcode-single-image-cbd167a08fae0c06ede1ba4397562920.enable-bg-rollover .rollover i,\n.shortcode-single-image-wrap.shortcode-single-image-cbd167a08fae0c06ede1ba4397562920.enable-bg-rollover .rollover-video i {\n  background: -webkit-linear-gradient();\n  background: linear-gradient();\n}\n.shortcode-single-image-wrap.shortcode-single-image-cbd167a08fae0c06ede1ba4397562920 .rollover-icon {\n  font-size: 32px;\n  color: #ffffff;\n  min-width: 44px;\n  min-height: 44px;\n  line-height: 44px;\n  border-radius: 100px;\n  border-style: solid;\n  border-width: 0px;\n}\n.dt-icon-bg-on.shortcode-single-image-wrap.shortcode-single-image-cbd167a08fae0c06ede1ba4397562920 .rollover-icon {\n  background: rgba(255,255,255,0.3);\n  box-shadow: none;\n}<\/style><div class=\"shortcode-single-image-wrap shortcode-single-image-cbd167a08fae0c06ede1ba4397562920 alignnone  vc_custom_1729457067871 enable-bg-rollover dt-icon-bg-off\" ><div class=\"shortcode-single-image\"><div class=\"fancy-media-wrap\" style=\"\"><a class=\"layzr-bg rollover rollover-zoom dt-pswp-item pswp-image\" href=\"https:\/\/www.er-schwimmt.de\/wp-content\/uploads\/2024\/10\/Stuttgart-Carra.jpg\" title=\"DMM_Kurzstrecke_Stuttgart_2024\" data-dt-img-description=\"\" data-large_image_width=\"1459\" data-large_image_height = \"953\"  style=\"\"><img decoding=\"async\" class=\"preload-me lazy-load aspect\" src=\"data:image\/svg+xml,%3Csvg%20xmlns%3D&#39;http%3A%2F%2Fwww.w3.org%2F2000%2Fsvg&#39;%20viewBox%3D&#39;0%200%20400%20261&#39;%2F%3E\" data-src=\"https:\/\/www.er-schwimmt.de\/wp-content\/uploads\/2024\/10\/Stuttgart-Carra-400x261.jpg\" data-srcset=\"https:\/\/www.er-schwimmt.de\/wp-content\/uploads\/2024\/10\/Stuttgart-Carra-400x261.jpg 400w, https:\/\/www.er-schwimmt.de\/wp-content\/uploads\/2024\/10\/Stuttgart-Carra-800x522.jpg 800w\" loading=\"eager\" style=\"--ratio: 400 \/ 261\" sizes=\"(max-width: 400px) 100vw, 400px\" width=\"400\" height=\"261\"  data-dt-location=\"https:\/\/www.er-schwimmt.de\/en\/aktuelles\/saisonrueckblick-2024\/attachment\/stuttgart-carra\/\" alt=\"\" \/><\/a><\/div><\/div><\/div><\/div><\/div><\/div><\/div><div class=\"hr-thin style-line accent-border-color\" style=\"width: 100%;border-top-width: 1px;\"><\/div><\/div><\/div><\/div><\/div><div class=\"vc_row wpb_row vc_row-fluid vc_custom_1664381952566\"><div class=\"wpb_column vc_column_container vc_col-sm-6\"><div class=\"vc_column-inner vc_custom_1664380637503\"><div class=\"wpb_wrapper\">\n\t<div class=\"wpb_text_column wpb_content_element\" >\n\t\t<div class=\"wpb_wrapper\">\n\t\t\t<p><strong>Arbeitseinsatz<\/strong><\/p>\n<p>Am Samstag, den 15.06.2024 fand ein gemeinsamer Arbeitseinsatz statt, der von vielen Mitgliedern und Helfern tatkr\u00e4ftig unterst\u00fctzt wurde. Viele engagierte Helfer waren vor Ort und \u00fcbernahmen verschiedene Aufgaben. Insgesamt wurden 32 komplette Bierbankgarnieturen und zus\u00e4tzliche Bierb\u00e4nke frisch gestrichen, der Verschlag und der Container wurden entr\u00fcmpelt, ca. 10 Kubikmeter M\u00fcll wurden entsorgt und der Container wurde neu lackiert. Nur durch die tatkr\u00e4ftige Unterst\u00fctzung aller Helfer konnten wir unser Equipment und unsere M\u00f6glichkeiten f\u00fcr die laufende und kommende Saison optimal vorbereiten. Die neu gestrichenen Bierb\u00e4nke und die aufger\u00e4umten Lagerfl\u00e4chen werden uns bei zuk\u00fcnftigen Veranstaltungen sehr zugutekommen.<\/p>\n<p><strong>Nochmals vielen herzlichen Dank an alle Helfer!<\/strong><\/p>\n\n\t\t<\/div>\n\t<\/div>\n<\/div><\/div><\/div><div class=\"wpb_column vc_column_container vc_col-sm-6\"><div class=\"vc_column-inner\"><div class=\"wpb_wrapper\"><style type=\"text\/css\" data-type=\"the7_shortcodes-inline-css\">.photos-carousel-shortcode-id-921f97ae3613f63001ba48db530f06fb.owl-carousel .owl-nav div {\n  width: 36px;\n  height: 36px;\n  border-radius: 150px;\n}\n.photos-carousel-shortcode-id-921f97ae3613f63001ba48db530f06fb.owl-carousel .owl-nav div:before,\n.photos-carousel-shortcode-id-921f97ae3613f63001ba48db530f06fb.owl-carousel .owl-nav div:after {\n  border-width: 0px;\n}\n.photos-carousel-shortcode-id-921f97ae3613f63001ba48db530f06fb.owl-carousel .owl-nav div.owl-prev {\n  top: 50%;\n  transform: translateY(calc(-50% + 0px));\n  left: -24px;\n}\n@media all and (-ms-high-contrast: none) {\n  .photos-carousel-shortcode-id-921f97ae3613f63001ba48db530f06fb.owl-carousel .owl-nav div.owl-prev {\n    transform: translateY(-50%);\n    margin-top: 0px;\n  }\n}\n.photos-carousel-shortcode-id-921f97ae3613f63001ba48db530f06fb.owl-carousel .owl-nav div.owl-prev i {\n  padding: 0px 0px 0px 0px;\n}\n.photos-carousel-shortcode-id-921f97ae3613f63001ba48db530f06fb.owl-carousel .owl-nav div.owl-next {\n  top: 50%;\n  transform: translateY(calc(-50% + 0px));\n  right: -24px;\n}\n@media all and (-ms-high-contrast: none) {\n  .photos-carousel-shortcode-id-921f97ae3613f63001ba48db530f06fb.owl-carousel .owl-nav div.owl-next {\n    transform: translateY(-50%);\n    margin-top: 0px;\n  }\n}\n.photos-carousel-shortcode-id-921f97ae3613f63001ba48db530f06fb.owl-carousel .owl-nav div.owl-next i {\n  padding: 0px 0px 0px 0px;\n}\n.photos-carousel-shortcode-id-921f97ae3613f63001ba48db530f06fb.owl-carousel .owl-nav i {\n  font-size: 18px;\n}\n.photos-carousel-shortcode-id-921f97ae3613f63001ba48db530f06fb.owl-carousel .owl-nav div:not(:hover) i,\n.photos-carousel-shortcode-id-921f97ae3613f63001ba48db530f06fb.owl-carousel .owl-nav div:not(:hover) i:before {\n  color: #ffffff;\n  background: none;\n}\n.photos-carousel-shortcode-id-921f97ae3613f63001ba48db530f06fb.owl-carousel .owl-nav div:hover i,\n.photos-carousel-shortcode-id-921f97ae3613f63001ba48db530f06fb.owl-carousel .owl-nav div:hover i:before {\n  color: rgba(255,255,255,0.75);\n  background: none;\n}\n.photos-carousel-shortcode-id-921f97ae3613f63001ba48db530f06fb .owl-dots {\n  top: calc(100% + 20px);\n  left: 50%;\n  transform: translateX(calc(-50% + 0px));\n}\n@media all and (-ms-high-contrast: none) {\n  .photos-carousel-shortcode-id-921f97ae3613f63001ba48db530f06fb .owl-dots {\n    transform: translateX(-50%);\n    margin-left: 0px;\n  }\n}\n.photos-carousel-shortcode-id-921f97ae3613f63001ba48db530f06fb .owl-dot {\n  width: 10px;\n  height: 10px;\n  margin: 0 8px;\n}\n@media screen and (max-width: 778px) {\n  .photos-carousel-shortcode-id-921f97ae3613f63001ba48db530f06fb.hide-arrows.owl-carousel .owl-nav a {\n    display: none;\n  }\n}\n@media screen and (max-width: 778px) {\n  .photos-carousel-shortcode-id-921f97ae3613f63001ba48db530f06fb.reposition-arrows.owl-carousel .owl-nav .owl-prev {\n    top: 50%;\n    transform: translateY(calc(-50% + 0px));\n    left: 10px;\n  }\n  .photos-carousel-shortcode-id-921f97ae3613f63001ba48db530f06fb.reposition-arrows.owl-carousel .owl-nav .owl-next {\n    top: 50%;\n    transform: translateY(calc(-50% + 0px));\n    right: 10px;\n  }\n}\n@media screen and (max-width: 778px) and all and (-ms-high-contrast: none) {\n  .photos-carousel-shortcode-id-921f97ae3613f63001ba48db530f06fb.reposition-arrows.owl-carousel .owl-nav .owl-prev {\n    transform: translateY(-50%);\n    margin-top: 0px;\n  }\n}\n@media screen and (max-width: 778px) and all and (-ms-high-contrast: none) {\n  .photos-carousel-shortcode-id-921f97ae3613f63001ba48db530f06fb.reposition-arrows.owl-carousel .owl-nav .owl-next {\n    transform: translateY(-50%);\n    margin-top: 0px;\n  }\n}\n.photos-carousel-shortcode-id-921f97ae3613f63001ba48db530f06fb figure,\n.photos-carousel-shortcode-id-921f97ae3613f63001ba48db530f06fb .rollover,\n.photos-carousel-shortcode-id-921f97ae3613f63001ba48db530f06fb img,\n.photos-carousel-shortcode-id-921f97ae3613f63001ba48db530f06fb .gallery-rollover {\n  border-radius: 0px;\n}\n.photos-carousel-shortcode-id-921f97ae3613f63001ba48db530f06fb.enable-bg-rollover .gallery-rollover {\n  background: -webkit-linear-gradient();\n  background: linear-gradient();\n}\n.photos-carousel-shortcode-id-921f97ae3613f63001ba48db530f06fb.enable-bg-rollover.hover-scale .rollover:after {\n  background: -webkit-linear-gradient();\n  background: linear-gradient();\n}\n.photos-carousel-shortcode-id-921f97ae3613f63001ba48db530f06fb.enable-img-shadow .owl-stage-outer {\n  padding: 14px 0;\n}\n.photos-carousel-shortcode-id-921f97ae3613f63001ba48db530f06fb.gallery-shortcode .gallery-zoom-ico {\n  width: 44px;\n  height: 44px;\n  line-height: 44px;\n  border-radius: 100px;\n  margin: -22px 0 0 -22px;\n  border-width: 0px;\n}\n.dt-icon-bg-on.photos-carousel-shortcode-id-921f97ae3613f63001ba48db530f06fb.gallery-shortcode .gallery-zoom-ico {\n  background: rgba(255,255,255,0.3);\n  -webkit-box-shadow: none;\n  box-shadow: none;\n}\n.photos-carousel-shortcode-id-921f97ae3613f63001ba48db530f06fb.gallery-shortcode .gallery-zoom-ico:before,\n.photos-carousel-shortcode-id-921f97ae3613f63001ba48db530f06fb.gallery-shortcode .gallery-zoom-ico span {\n  font-size: 32px;\n  line-height: 44px;\n  color: #ffffff;\n  background: none;\n}<\/style><div class=\"owl-carousel gallery-carousel-shortcode gallery-shortcode dt-gallery-container album-gallery-shortcode dt-owl-carousel-call photos-carousel-shortcode-id-921f97ae3613f63001ba48db530f06fb quick-scale-img enable-bg-rollover meta-info-off bullets-small-dot-stroke reposition-arrows dt-icon-bg-off arrows-bg-on dt-arrow-border-on dt-arrow-hover-border-on disable-arrows-hover-bg arrows-hover-bg-on  vc_custom_1729457264224 hover-fade\" data-scroll-mode=\"1\" data-col-num=\"1\" data-wide-col-num=\"1\" data-laptop-col=\"1\" data-h-tablet-columns-num=\"1\" data-v-tablet-columns-num=\"1\" data-phone-columns-num=\"1\" data-col-gap=\"10\" data-stage-padding=\"0\" data-speed=\"600\" data-autoplay=\"false\" data-autoplay_speed=\"6000\" data-arrows=\"true\" data-bullet=\"false\" data-next-icon=\"icon-ar-017-r\" data-prev-icon=\"icon-ar-017-l\" data-img-shadow-size=\"12px\" data-img-shadow-spread=\"3px\"><article class=\"post visible post-3220 attachment type-attachment status-inherit hentry\"><a href=\"https:\/\/www.er-schwimmt.de\/wp-content\/uploads\/2024\/10\/6cbaa5fd-56e3-4215-87cf-efe2c402dc28.jpeg\" class=\"rollover-click-target rollover dt-pswp-item layzr-bg\"  data-dt-img-description=\"\"  data-large_image_width=\"1599\" data-large_image_height = \"1200\" ><img decoding=\"async\" class=\"preload-me owl-lazy-load aspect\" src=\"data:image\/svg+xml,%3Csvg%20xmlns%3D&#39;http%3A%2F%2Fwww.w3.org%2F2000%2Fsvg&#39;%20viewBox%3D&#39;0%200%201075%201075&#39;%2F%3E\" data-src=\"https:\/\/www.er-schwimmt.de\/wp-content\/uploads\/2024\/10\/6cbaa5fd-56e3-4215-87cf-efe2c402dc28-1075x1075.jpeg\" data-srcset=\"https:\/\/www.er-schwimmt.de\/wp-content\/uploads\/2024\/10\/6cbaa5fd-56e3-4215-87cf-efe2c402dc28-1075x1075.jpeg 1075w, https:\/\/www.er-schwimmt.de\/wp-content\/uploads\/2024\/10\/6cbaa5fd-56e3-4215-87cf-efe2c402dc28-1200x1200.jpeg 1200w\" loading=\"eager\" style=\"--ratio: 1075 \/ 1075\" sizes=\"(max-width: 1075px) 100vw, 1075px\" alt=\"\" width=\"1075\" height=\"1075\"  \/><span class=\"gallery-rollover\"><span class=\"gallery-zoom-ico icomoon-the7-font-the7-zoom-06\"><span><\/span><\/span><\/span><\/a><\/article><article class=\"post visible post-3221 attachment type-attachment status-inherit hentry\"><a href=\"https:\/\/www.er-schwimmt.de\/wp-content\/uploads\/2024\/10\/8c7dea5b-6c85-4e0b-a573-05deee821bd7.jpg\" class=\"rollover-click-target rollover dt-pswp-item layzr-bg\"  data-dt-img-description=\"\"  data-large_image_width=\"1600\" data-large_image_height = \"1200\" ><img decoding=\"async\" class=\"preload-me owl-lazy-load aspect\" src=\"data:image\/svg+xml,%3Csvg%20xmlns%3D&#39;http%3A%2F%2Fwww.w3.org%2F2000%2Fsvg&#39;%20viewBox%3D&#39;0%200%201075%201075&#39;%2F%3E\" data-src=\"https:\/\/www.er-schwimmt.de\/wp-content\/uploads\/2024\/10\/8c7dea5b-6c85-4e0b-a573-05deee821bd7-1075x1075.jpg\" data-srcset=\"https:\/\/www.er-schwimmt.de\/wp-content\/uploads\/2024\/10\/8c7dea5b-6c85-4e0b-a573-05deee821bd7-1075x1075.jpg 1075w, https:\/\/www.er-schwimmt.de\/wp-content\/uploads\/2024\/10\/8c7dea5b-6c85-4e0b-a573-05deee821bd7-1200x1200.jpg 1200w\" loading=\"eager\" style=\"--ratio: 1075 \/ 1075\" sizes=\"(max-width: 1075px) 100vw, 1075px\" alt=\"\" width=\"1075\" height=\"1075\"  \/><span class=\"gallery-rollover\"><span class=\"gallery-zoom-ico icomoon-the7-font-the7-zoom-06\"><span><\/span><\/span><\/span><\/a><\/article><article class=\"post visible post-3223 attachment type-attachment status-inherit hentry\"><a href=\"https:\/\/www.er-schwimmt.de\/wp-content\/uploads\/2024\/10\/2979d848-7b1e-47b4-8558-8d716da6fa48.jpeg\" class=\"rollover-click-target rollover dt-pswp-item layzr-bg\"  data-dt-img-description=\"\"  data-large_image_width=\"1600\" data-large_image_height = \"1200\" ><img decoding=\"async\" class=\"preload-me owl-lazy-load aspect\" src=\"data:image\/svg+xml,%3Csvg%20xmlns%3D&#39;http%3A%2F%2Fwww.w3.org%2F2000%2Fsvg&#39;%20viewBox%3D&#39;0%200%201075%201075&#39;%2F%3E\" data-src=\"https:\/\/www.er-schwimmt.de\/wp-content\/uploads\/2024\/10\/2979d848-7b1e-47b4-8558-8d716da6fa48-1075x1075.jpeg\" data-srcset=\"https:\/\/www.er-schwimmt.de\/wp-content\/uploads\/2024\/10\/2979d848-7b1e-47b4-8558-8d716da6fa48-1075x1075.jpeg 1075w, https:\/\/www.er-schwimmt.de\/wp-content\/uploads\/2024\/10\/2979d848-7b1e-47b4-8558-8d716da6fa48-1200x1200.jpeg 1200w\" loading=\"eager\" style=\"--ratio: 1075 \/ 1075\" sizes=\"(max-width: 1075px) 100vw, 1075px\" alt=\"\" width=\"1075\" height=\"1075\"  \/><span class=\"gallery-rollover\"><span class=\"gallery-zoom-ico icomoon-the7-font-the7-zoom-06\"><span><\/span><\/span><\/span><\/a><\/article><article class=\"post visible post-3222 attachment type-attachment status-inherit hentry\"><a href=\"https:\/\/www.er-schwimmt.de\/wp-content\/uploads\/2024\/10\/760ff598-8bc8-4186-9e89-e7f2e8ebb8fb.jpeg\" class=\"rollover-click-target rollover dt-pswp-item layzr-bg\"  data-dt-img-description=\"\"  data-large_image_width=\"1600\" data-large_image_height = \"1200\" ><img decoding=\"async\" class=\"preload-me owl-lazy-load aspect\" src=\"data:image\/svg+xml,%3Csvg%20xmlns%3D&#39;http%3A%2F%2Fwww.w3.org%2F2000%2Fsvg&#39;%20viewBox%3D&#39;0%200%201075%201075&#39;%2F%3E\" data-src=\"https:\/\/www.er-schwimmt.de\/wp-content\/uploads\/2024\/10\/760ff598-8bc8-4186-9e89-e7f2e8ebb8fb-1075x1075.jpeg\" data-srcset=\"https:\/\/www.er-schwimmt.de\/wp-content\/uploads\/2024\/10\/760ff598-8bc8-4186-9e89-e7f2e8ebb8fb-1075x1075.jpeg 1075w, https:\/\/www.er-schwimmt.de\/wp-content\/uploads\/2024\/10\/760ff598-8bc8-4186-9e89-e7f2e8ebb8fb-1200x1200.jpeg 1200w\" loading=\"eager\" style=\"--ratio: 1075 \/ 1075\" sizes=\"(max-width: 1075px) 100vw, 1075px\" alt=\"\" width=\"1075\" height=\"1075\"  \/><span class=\"gallery-rollover\"><span class=\"gallery-zoom-ico icomoon-the7-font-the7-zoom-06\"><span><\/span><\/span><\/span><\/a><\/article><article class=\"post visible post-3219 attachment type-attachment status-inherit hentry\"><a href=\"https:\/\/www.er-schwimmt.de\/wp-content\/uploads\/2024\/10\/dca861a4-0187-431a-a6b3-e6cfe979d911.jpg\" class=\"rollover-click-target rollover dt-pswp-item layzr-bg\"  data-dt-img-description=\"\"  data-large_image_width=\"1600\" data-large_image_height = \"1200\" ><img decoding=\"async\" class=\"preload-me owl-lazy-load aspect\" src=\"data:image\/svg+xml,%3Csvg%20xmlns%3D&#39;http%3A%2F%2Fwww.w3.org%2F2000%2Fsvg&#39;%20viewBox%3D&#39;0%200%201075%201075&#39;%2F%3E\" data-src=\"https:\/\/www.er-schwimmt.de\/wp-content\/uploads\/2024\/10\/dca861a4-0187-431a-a6b3-e6cfe979d911-1075x1075.jpg\" data-srcset=\"https:\/\/www.er-schwimmt.de\/wp-content\/uploads\/2024\/10\/dca861a4-0187-431a-a6b3-e6cfe979d911-1075x1075.jpg 1075w, https:\/\/www.er-schwimmt.de\/wp-content\/uploads\/2024\/10\/dca861a4-0187-431a-a6b3-e6cfe979d911-1200x1200.jpg 1200w\" loading=\"eager\" style=\"--ratio: 1075 \/ 1075\" sizes=\"(max-width: 1075px) 100vw, 1075px\" alt=\"\" width=\"1075\" height=\"1075\"  \/><span class=\"gallery-rollover\"><span class=\"gallery-zoom-ico icomoon-the7-font-the7-zoom-06\"><span><\/span><\/span><\/span><\/a><\/article><\/div><\/div><\/div><\/div><\/div><div class=\"vc_row wpb_row vc_row-fluid\"><div class=\"wpb_column vc_column_container vc_col-sm-12\"><div class=\"vc_column-inner\"><div class=\"wpb_wrapper\"><div class=\"hr-thin style-line accent-border-color\" style=\"width: 100%;border-top-width: 1px;\"><\/div><\/div><\/div><\/div><\/div>\n<\/div>","protected":false},"excerpt":{"rendered":"<p>Auch dieses Jahr geben wir einen kleinen R\u00fcckblick auf das laufende Schwimmjahr 2023\/2024. Angefangen mit unserem Nachwuchsbereich, k\u00f6nnen wir auch dieses Jahr in diesen Gruppen einige f\u00fcr den Schwimmsport begeistern, die nun ehrgeizig in den Kindergruppen w\u00f6chentlich trainieren.\u00a0 Wir haben zahlreiche erfolgreiche Schwimmkurse in unserem Lehrschwimmbecken durchgef\u00fchrt. Viele Kinder haben im letzten Jahr das Schwimmen&hellip;<\/p>","protected":false},"author":5,"featured_media":3188,"comment_status":"closed","ping_status":"closed","sticky":false,"template":"","format":"standard","meta":{"footnotes":""},"categories":[56],"tags":[],"class_list":["post-3166","post","type-post","status-publish","format-standard","has-post-thumbnail","hentry","category-aktuelles","category-56","description-off"],"aioseo_notices":[],"_links":{"self":[{"href":"https:\/\/www.er-schwimmt.de\/en\/wp-json\/wp\/v2\/posts\/3166","targetHints":{"allow":["GET"]}}],"collection":[{"href":"https:\/\/www.er-schwimmt.de\/en\/wp-json\/wp\/v2\/posts"}],"about":[{"href":"https:\/\/www.er-schwimmt.de\/en\/wp-json\/wp\/v2\/types\/post"}],"author":[{"embeddable":true,"href":"https:\/\/www.er-schwimmt.de\/en\/wp-json\/wp\/v2\/users\/5"}],"replies":[{"embeddable":true,"href":"https:\/\/www.er-schwimmt.de\/en\/wp-json\/wp\/v2\/comments?post=3166"}],"version-history":[{"count":29,"href":"https:\/\/www.er-schwimmt.de\/en\/wp-json\/wp\/v2\/posts\/3166\/revisions"}],"predecessor-version":[{"id":3239,"href":"https:\/\/www.er-schwimmt.de\/en\/wp-json\/wp\/v2\/posts\/3166\/revisions\/3239"}],"wp:featuredmedia":[{"embeddable":true,"href":"https:\/\/www.er-schwimmt.de\/en\/wp-json\/wp\/v2\/media\/3188"}],"wp:attachment":[{"href":"https:\/\/www.er-schwimmt.de\/en\/wp-json\/wp\/v2\/media?parent=3166"}],"wp:term":[{"taxonomy":"category","embeddable":true,"href":"https:\/\/www.er-schwimmt.de\/en\/wp-json\/wp\/v2\/categories?post=3166"},{"taxonomy":"post_tag","embeddable":true,"href":"https:\/\/www.er-schwimmt.de\/en\/wp-json\/wp\/v2\/tags?post=3166"}],"curies":[{"name":"wp","href":"https:\/\/api.w.org\/{rel}","templated":true}]}}